




{"id":127207,"date":"2025-04-29T11:59:55","date_gmt":"2025-04-29T09:59:55","guid":{"rendered":"https:\/\/gbc.at\/web\/?p=127207"},"modified":"2025-04-30T11:55:10","modified_gmt":"2025-04-30T09:55:10","slug":"gaertner-exclusiv-rasche-und-effektive-beseitigung-von-schnecken","status":"publish","type":"post","link":"https:\/\/gbc.at\/web\/gaertner-exclusiv-rasche-und-effektive-beseitigung-von-schnecken\/","title":{"rendered":"G\u00e4rtner exclusiv\u00ae: Rasche und effektive Beseitigung von Schnecken"},"content":{"rendered":"<p>Im Fr\u00fchjahr, wenn die Temperaturen steigen und die Feuchtigkeit zunimmt, werden Schnecken wieder aktiv und k\u00f6nnen sich zu einer gro\u00dfen Plage entwickeln. Sie befallen Pflanzen und verursachen in G\u00e4rten und Gew\u00e4chsh\u00e4usern oftmals erhebliche Sch\u00e4den, insbesondere wenn sie in gro\u00dfen Mengen auftreten. Die Eiablage erfolgt meist in feuchter Erde oder unter Steinen. Durch ihre hohe Reproduktionsrate vermehren sich Schnecken unter g\u00fcnstigen Bedingungen rasend schnell und schl\u00fcpfen innerhalb weniger Wochen.<\/p>\n","protected":false},"excerpt":{"rendered":"<p>Im Fr\u00fchjahr, wenn die Temperaturen steigen und die Feuchtigkeit zunimmt, werden Schnecken wieder aktiv und k\u00f6nnen sich zu einer gro\u00dfen Plage entwickeln. Sie befallen Pflanzen und verursachen in G\u00e4rten und Gew\u00e4chsh\u00e4usern oftmals erhebliche Sch\u00e4den, insbesondere wenn sie in gro\u00dfen Mengen auftreten. Die Eiablage erfolgt meist in feuchter Erde oder unter Steinen. Durch ihre hohe Reproduktionsrate [&hellip;]<\/p>\n","protected":false},"author":142,"featured_media":127211,"comment_status":"closed","ping_status":"closed","sticky":false,"template":"","format":"standard","meta":{"_acf_changed":false,"_relevanssi_hide_post":"","_relevanssi_hide_content":"","_relevanssi_pin_for_all":"","_relevanssi_pin_keywords":"","_relevanssi_unpin_keywords":"","_relevanssi_related_keywords":"","_relevanssi_related_include_ids":"","_relevanssi_related_exclude_ids":"","_relevanssi_related_no_append":"","_relevanssi_related_not_related":"","_relevanssi_related_posts":"","_relevanssi_noindex_reason":"","powered_cache_disable_cache":false,"footnotes":""},"categories":[28,25],"tags":[34098,18209,34086,34090,18557,34083,34097,18517,18578,27627,34088,34089,34096,34084,34082,34085,18490,34092,34094,34095,34091,34087,34093],"class_list":["post-127207","post","type-post","status-publish","format-standard","has-post-thumbnail","hentry","category-gartenbau-mehr","category-produktneuheiten-informationen","tag-balkonpflanzen-schuetzen","tag-biologisch-gaertnern","tag-biologisches-schneckenkorn","tag-frass-stopp-schnecken","tag-gartenbau","tag-gaertner-exclusiv-schneckenkorn","tag-gaertnerei-bedarf","tag-gbc-oesterreich","tag-grosshandel","tag-gruene-branche","tag-natur-im-garten-siegel","tag-pflanzen-vor-schnecken-schuetzen","tag-schaedlingsbekaempfung-biologisch","tag-schnecken-im-garten","tag-schneckenbekaempfung","tag-schneckenfrei","tag-schneckenkorn","tag-schneckenkorn-fuer-gewaechshaus","tag-schneckenkorn-haustiere-sicher","tag-schneckenkorn-igel-sicher","tag-schneckenresistenter-garten","tag-schneckenschutz","tag-umweltfreundliches-schneckenkorn"],"acf":[],"_links":{"self":[{"href":"https:\/\/gbc.at\/web\/wp-json\/wp\/v2\/posts\/127207","targetHints":{"allow":["GET"]}}],"collection":[{"href":"https:\/\/gbc.at\/web\/wp-json\/wp\/v2\/posts"}],"about":[{"href":"https:\/\/gbc.at\/web\/wp-json\/wp\/v2\/types\/post"}],"author":[{"embeddable":true,"href":"https:\/\/gbc.at\/web\/wp-json\/wp\/v2\/users\/142"}],"replies":[{"embeddable":true,"href":"https:\/\/gbc.at\/web\/wp-json\/wp\/v2\/comments?post=127207"}],"version-history":[{"count":5,"href":"https:\/\/gbc.at\/web\/wp-json\/wp\/v2\/posts\/127207\/revisions"}],"predecessor-version":[{"id":127249,"href":"https:\/\/gbc.at\/web\/wp-json\/wp\/v2\/posts\/127207\/revisions\/127249"}],"wp:featuredmedia":[{"embeddable":true,"href":"https:\/\/gbc.at\/web\/wp-json\/wp\/v2\/media\/127211"}],"wp:attachment":[{"href":"https:\/\/gbc.at\/web\/wp-json\/wp\/v2\/media?parent=127207"}],"wp:term":[{"taxonomy":"category","embeddable":true,"href":"https:\/\/gbc.at\/web\/wp-json\/wp\/v2\/categories?post=127207"},{"taxonomy":"post_tag","embeddable":true,"href":"https:\/\/gbc.at\/web\/wp-json\/wp\/v2\/tags?post=127207"}],"curies":[{"name":"wp","href":"https:\/\/api.w.org\/{rel}","templated":true}]}}