




{"id":139181,"date":"2025-11-25T11:33:29","date_gmt":"2025-11-25T10:33:29","guid":{"rendered":"https:\/\/gbc.at\/web\/?p=139181"},"modified":"2025-11-26T13:48:37","modified_gmt":"2025-11-26T12:48:37","slug":"10-jahre-power-leidenschaft-elisabeth-pessl-feiert-dienstjubilaeum","status":"publish","type":"post","link":"https:\/\/gbc.at\/web\/10-jahre-power-leidenschaft-elisabeth-pessl-feiert-dienstjubilaeum\/","title":{"rendered":"10 Jahre Power &amp; Leidenschaft: Elisabeth Pessl feiert Dienstjubil\u00e4um"},"content":{"rendered":"<p>In der GBC \u00d6sterreich-Filiale in Kalsdorf bei Graz wurde ein weiteres Jubil\u00e4um gefeiert: Elisabeth Pessl blickt auf beeindruckende 10 Jahre\u00a0im Unternehmen zur\u00fcck. Zu diesem Anlass \u00fcberreichten Wolfgang K\u00f6chl (Mitglied der Gesch\u00e4ftsf\u00fchrung) und Standortleiter Mario Pinteritsch eine Urkunde als Zeichen gro\u00dfer Wertsch\u00e4tzung f\u00fcr ihre langj\u00e4hrige Treue und ihren unerm\u00fcdlichen Einsatz.<\/p>\n","protected":false},"excerpt":{"rendered":"<p>In der GBC \u00d6sterreich-Filiale in Kalsdorf bei Graz wurde ein weiteres Jubil\u00e4um gefeiert: Elisabeth Pessl blickt auf beeindruckende 10 Jahre\u00a0im Unternehmen zur\u00fcck. Zu diesem Anlass \u00fcberreichten Wolfgang K\u00f6chl (Mitglied der Gesch\u00e4ftsf\u00fchrung) und Standortleiter Mario Pinteritsch eine Urkunde als Zeichen gro\u00dfer Wertsch\u00e4tzung f\u00fcr ihre langj\u00e4hrige Treue und ihren unerm\u00fcdlichen Einsatz.<\/p>\n","protected":false},"author":142,"featured_media":139182,"comment_status":"closed","ping_status":"closed","sticky":false,"template":"","format":"standard","meta":{"_acf_changed":false,"_relevanssi_hide_post":"","_relevanssi_hide_content":"","_relevanssi_pin_for_all":"","_relevanssi_pin_keywords":"","_relevanssi_unpin_keywords":"","_relevanssi_related_keywords":"","_relevanssi_related_include_ids":"","_relevanssi_related_exclude_ids":"","_relevanssi_related_no_append":"","_relevanssi_related_not_related":"","_relevanssi_related_posts":"","_relevanssi_noindex_reason":"","powered_cache_disable_cache":false,"footnotes":""},"categories":[26],"tags":[34773,34780,34447,34774,34477,34779,18566,34777,18517,18578,27627,34781,34778,34270,34256,34150,34776,34775,34726,34700,34727,18547],"class_list":["post-139181","post","type-post","status-publish","format-standard","has-post-thumbnail","hentry","category-wir-sind-gbc","tag-10-jahre-betriebszugehoerigkeit","tag-arbeitsalltag-floristik","tag-dienstjubilaeum","tag-elisabeth-pessl","tag-erfolgsgeschichten-gruene-branche","tag-filiale-kalsdorf","tag-floristik","tag-floristin","tag-gbc-oesterreich","tag-grosshandel","tag-gruene-branche","tag-jubilaeumsfeier","tag-kundenservice","tag-mitarbeiterengagement","tag-mitarbeiterjubilaeum","tag-mitarbeitermotivation","tag-mitarbeiterportrait","tag-teamvorstellung","tag-teamwork","tag-unternehmenskommunikation","tag-unternehmensnews","tag-wir-sind-gbc"],"acf":[],"_links":{"self":[{"href":"https:\/\/gbc.at\/web\/wp-json\/wp\/v2\/posts\/139181","targetHints":{"allow":["GET"]}}],"collection":[{"href":"https:\/\/gbc.at\/web\/wp-json\/wp\/v2\/posts"}],"about":[{"href":"https:\/\/gbc.at\/web\/wp-json\/wp\/v2\/types\/post"}],"author":[{"embeddable":true,"href":"https:\/\/gbc.at\/web\/wp-json\/wp\/v2\/users\/142"}],"replies":[{"embeddable":true,"href":"https:\/\/gbc.at\/web\/wp-json\/wp\/v2\/comments?post=139181"}],"version-history":[{"count":3,"href":"https:\/\/gbc.at\/web\/wp-json\/wp\/v2\/posts\/139181\/revisions"}],"predecessor-version":[{"id":139197,"href":"https:\/\/gbc.at\/web\/wp-json\/wp\/v2\/posts\/139181\/revisions\/139197"}],"wp:featuredmedia":[{"embeddable":true,"href":"https:\/\/gbc.at\/web\/wp-json\/wp\/v2\/media\/139182"}],"wp:attachment":[{"href":"https:\/\/gbc.at\/web\/wp-json\/wp\/v2\/media?parent=139181"}],"wp:term":[{"taxonomy":"category","embeddable":true,"href":"https:\/\/gbc.at\/web\/wp-json\/wp\/v2\/categories?post=139181"},{"taxonomy":"post_tag","embeddable":true,"href":"https:\/\/gbc.at\/web\/wp-json\/wp\/v2\/tags?post=139181"}],"curies":[{"name":"wp","href":"https:\/\/api.w.org\/{rel}","templated":true}]}}