




{"id":139189,"date":"2025-11-25T15:38:26","date_gmt":"2025-11-25T14:38:26","guid":{"rendered":"https:\/\/gbc.at\/web\/?p=139189"},"modified":"2025-11-25T15:38:26","modified_gmt":"2025-11-25T14:38:26","slug":"alle-gbc-oesterreich-standorte-an-den-zwickeltagen-im-jaenner-2026-geschlossen","status":"publish","type":"post","link":"https:\/\/gbc.at\/web\/alle-gbc-oesterreich-standorte-an-den-zwickeltagen-im-jaenner-2026-geschlossen\/","title":{"rendered":"Alle GBC \u00d6sterreich-Standorte an den Zwickeltagen im J\u00e4nner 2026 geschlossen"},"content":{"rendered":"<p>Der Jahresstart bringt heuer zwei sogenannte Zwickeltage mit sich: Freitag, 2. J\u00e4nner 2026, und Montag, 5. J\u00e4nner 2026. Um unseren MitarbeiterInnen eine erholsame Pause rund um den Jahreswechsel zu erm\u00f6glichen, bleiben alle GBC \u00d6sterreich-Standorte an beiden Tagen geschlossen. Wir danken Ihnen herzlich f\u00fcr Ihr Verst\u00e4ndnis und bitten um Kenntnisnahme. <\/p>\n","protected":false},"excerpt":{"rendered":"<p>Der Jahresstart bringt heuer zwei sogenannte Zwickeltage mit sich: Freitag, 2. J\u00e4nner 2026, und Montag, 5. J\u00e4nner 2026. Um unseren MitarbeiterInnen eine erholsame Pause rund um den Jahreswechsel zu erm\u00f6glichen, bleiben alle GBC \u00d6sterreich-Standorte an beiden Tagen geschlossen. Wir danken Ihnen herzlich f\u00fcr Ihr Verst\u00e4ndnis und bitten um Kenntnisnahme.<\/p>\n","protected":false},"author":142,"featured_media":139190,"comment_status":"closed","ping_status":"closed","sticky":false,"template":"","format":"standard","meta":{"_acf_changed":false,"_relevanssi_hide_post":"","_relevanssi_hide_content":"","_relevanssi_pin_for_all":"","_relevanssi_pin_keywords":"","_relevanssi_unpin_keywords":"","_relevanssi_related_keywords":"","_relevanssi_related_include_ids":"","_relevanssi_related_exclude_ids":"","_relevanssi_related_no_append":"","_relevanssi_related_not_related":"","_relevanssi_related_posts":"","_relevanssi_noindex_reason":"","powered_cache_disable_cache":false,"footnotes":""},"categories":[27],"tags":[34783,34789,34787,18517,18578,27627,34786,18870,34785,34788,34784,34727,34782],"class_list":["post-139189","post","type-post","status-publish","format-standard","has-post-thumbnail","hentry","category-gbc-news","tag-betriebsurlaub","tag-feiertage-oesterreich","tag-filialschliessung","tag-gbc-oesterreich","tag-grosshandel","tag-gruene-branche","tag-jahreswechsel","tag-kundeninformation","tag-oeffnungszeiteninfo","tag-servicehinweis","tag-standortschliessung","tag-unternehmensnews","tag-zwickeltage-jaenner-2026"],"acf":[],"_links":{"self":[{"href":"https:\/\/gbc.at\/web\/wp-json\/wp\/v2\/posts\/139189","targetHints":{"allow":["GET"]}}],"collection":[{"href":"https:\/\/gbc.at\/web\/wp-json\/wp\/v2\/posts"}],"about":[{"href":"https:\/\/gbc.at\/web\/wp-json\/wp\/v2\/types\/post"}],"author":[{"embeddable":true,"href":"https:\/\/gbc.at\/web\/wp-json\/wp\/v2\/users\/142"}],"replies":[{"embeddable":true,"href":"https:\/\/gbc.at\/web\/wp-json\/wp\/v2\/comments?post=139189"}],"version-history":[{"count":3,"href":"https:\/\/gbc.at\/web\/wp-json\/wp\/v2\/posts\/139189\/revisions"}],"predecessor-version":[{"id":139194,"href":"https:\/\/gbc.at\/web\/wp-json\/wp\/v2\/posts\/139189\/revisions\/139194"}],"wp:featuredmedia":[{"embeddable":true,"href":"https:\/\/gbc.at\/web\/wp-json\/wp\/v2\/media\/139190"}],"wp:attachment":[{"href":"https:\/\/gbc.at\/web\/wp-json\/wp\/v2\/media?parent=139189"}],"wp:term":[{"taxonomy":"category","embeddable":true,"href":"https:\/\/gbc.at\/web\/wp-json\/wp\/v2\/categories?post=139189"},{"taxonomy":"post_tag","embeddable":true,"href":"https:\/\/gbc.at\/web\/wp-json\/wp\/v2\/tags?post=139189"}],"curies":[{"name":"wp","href":"https:\/\/api.w.org\/{rel}","templated":true}]}}