




{"id":142386,"date":"2026-03-02T11:03:41","date_gmt":"2026-03-02T10:03:41","guid":{"rendered":"https:\/\/gbc.at\/web\/?p=142386"},"modified":"2026-03-02T11:03:41","modified_gmt":"2026-03-02T10:03:41","slug":"neuwahlen-beim-gartenbauverband-steiermark-2026","status":"publish","type":"post","link":"https:\/\/gbc.at\/web\/neuwahlen-beim-gartenbauverband-steiermark-2026\/","title":{"rendered":"Neuwahlen beim Gartenbauverband Steiermark 2026"},"content":{"rendered":"<p>Im Rahmen der Jahreshauptversammlung des steirischen Gartenbauverbandes am 26. Februar 2026 wurde beim Raabahof in Graz Raaba ein neuer Vorstand gew\u00e4hlt. Nach zwanzig Jahren als Obmann \u00fcbergab Ferdinand Lienhart sein Amt in j\u00fcngere H\u00e4nde und stellte damit die Weichen f\u00fcr die Zukunft des Verbandes. <\/p>\n","protected":false},"excerpt":{"rendered":"<p>Im Rahmen der Jahreshauptversammlung des steirischen Gartenbauverbandes am 26. Februar 2026 wurde beim Raabahof in Graz Raaba ein neuer Vorstand gew\u00e4hlt. Nach zwanzig Jahren als Obmann \u00fcbergab Ferdinand Lienhart sein Amt in j\u00fcngere H\u00e4nde und stellte damit die Weichen f\u00fcr die Zukunft des Verbandes.<\/p>\n","protected":false},"author":142,"featured_media":142387,"comment_status":"closed","ping_status":"closed","sticky":false,"template":"","format":"standard","meta":{"_acf_changed":false,"_relevanssi_hide_post":"","_relevanssi_hide_content":"","_relevanssi_pin_for_all":"","_relevanssi_pin_keywords":"","_relevanssi_unpin_keywords":"","_relevanssi_related_keywords":"","_relevanssi_related_include_ids":"","_relevanssi_related_exclude_ids":"","_relevanssi_related_no_append":"","_relevanssi_related_not_related":"","_relevanssi_related_posts":"","_relevanssi_noindex_reason":"","powered_cache_disable_cache":false,"footnotes":""},"categories":[28],"tags":[35024,35025,35026,35022,35020,35028,27585,35023,35014,18517,35015,18578,27627,35027,35017,35019,35029,35013,35018,35021,35016],"class_list":["post-142386","post","type-post","status-publish","format-standard","has-post-thumbnail","hentry","category-gartenbau-mehr","tag-baumschulen-steiermark","tag-berufsvereinigung-gartenbau","tag-branchenvertretung-gartenbau","tag-erwerbsgartenbau-steiermark","tag-ferdinand-lienhart-ehrenobmann","tag-floristik-und-gartenbau","tag-gartenbau-oesterreich","tag-gartenbaubetriebe-steiermark","tag-gartenbauverband-steiermark-2026","tag-gbc-oesterreich","tag-generationswechsel-gartenbau","tag-grosshandel","tag-gruene-branche","tag-innovationskraft-gartenbau","tag-jahreshauptversammlung-graz-raaba","tag-martin-zwanzger-obmann","tag-netzwerk-gartenbau-steiermark","tag-neuwahlen-gartenbauverband-steiermark","tag-raabahof-graz","tag-steirische-gaertner-und-baumschulen","tag-vorstandswahl-gartenbau"],"acf":[],"_links":{"self":[{"href":"https:\/\/gbc.at\/web\/wp-json\/wp\/v2\/posts\/142386","targetHints":{"allow":["GET"]}}],"collection":[{"href":"https:\/\/gbc.at\/web\/wp-json\/wp\/v2\/posts"}],"about":[{"href":"https:\/\/gbc.at\/web\/wp-json\/wp\/v2\/types\/post"}],"author":[{"embeddable":true,"href":"https:\/\/gbc.at\/web\/wp-json\/wp\/v2\/users\/142"}],"replies":[{"embeddable":true,"href":"https:\/\/gbc.at\/web\/wp-json\/wp\/v2\/comments?post=142386"}],"version-history":[{"count":4,"href":"https:\/\/gbc.at\/web\/wp-json\/wp\/v2\/posts\/142386\/revisions"}],"predecessor-version":[{"id":142392,"href":"https:\/\/gbc.at\/web\/wp-json\/wp\/v2\/posts\/142386\/revisions\/142392"}],"wp:featuredmedia":[{"embeddable":true,"href":"https:\/\/gbc.at\/web\/wp-json\/wp\/v2\/media\/142387"}],"wp:attachment":[{"href":"https:\/\/gbc.at\/web\/wp-json\/wp\/v2\/media?parent=142386"}],"wp:term":[{"taxonomy":"category","embeddable":true,"href":"https:\/\/gbc.at\/web\/wp-json\/wp\/v2\/categories?post=142386"},{"taxonomy":"post_tag","embeddable":true,"href":"https:\/\/gbc.at\/web\/wp-json\/wp\/v2\/tags?post=142386"}],"curies":[{"name":"wp","href":"https:\/\/api.w.org\/{rel}","templated":true}]}}