




{"id":142393,"date":"2026-03-03T16:17:18","date_gmt":"2026-03-03T15:17:18","guid":{"rendered":"https:\/\/gbc.at\/web\/?p=142393"},"modified":"2026-03-04T09:38:57","modified_gmt":"2026-03-04T08:38:57","slug":"kerzenkatalog-2026-ist-erschienen","status":"publish","type":"post","link":"https:\/\/gbc.at\/web\/kerzenkatalog-2026-ist-erschienen\/","title":{"rendered":"Kerzenkatalog 2026 ist erschienen"},"content":{"rendered":"<p>Mit gro\u00dfer Freude pr\u00e4sentieren wir Ihnen den neuen Kerzenkatalog 2026 von GBC \u00d6sterreich eGen. Seit 1946 stehen wir f\u00fcr Qualit\u00e4t, Verl\u00e4sslichkeit und Vielfalt im t\u00e4glichen Bedarf unserer Gesch\u00e4ftspartner. Auch die aktuelle Ausgabe unterstreicht diesen Anspruch.<\/p>\n","protected":false},"excerpt":{"rendered":"<p>Mit gro\u00dfer Freude pr\u00e4sentieren wir Ihnen den neuen Kerzenkatalog 2026 von GBC \u00d6sterreich eGen. Seit 1946 stehen wir f\u00fcr Qualit\u00e4t, Verl\u00e4sslichkeit und Vielfalt im t\u00e4glichen Bedarf unserer Gesch\u00e4ftspartner. Auch die aktuelle Ausgabe unterstreicht diesen Anspruch.<\/p>\n","protected":false},"author":142,"featured_media":142417,"comment_status":"closed","ping_status":"closed","sticky":false,"template":"","format":"standard","meta":{"_acf_changed":false,"_relevanssi_hide_post":"","_relevanssi_hide_content":"","_relevanssi_pin_for_all":"","_relevanssi_pin_keywords":"","_relevanssi_unpin_keywords":"","_relevanssi_related_keywords":"","_relevanssi_related_include_ids":"","_relevanssi_related_exclude_ids":"","_relevanssi_related_no_append":"","_relevanssi_related_not_related":"","_relevanssi_related_posts":"","_relevanssi_noindex_reason":"","powered_cache_disable_cache":false,"footnotes":""},"categories":[29],"tags":[35037,35044,18883,28055,35043,35040,28616,18517,35039,18578,27627,35041,35030,35031,35042,35032,35038,35034,35036,35035,35033],"class_list":["post-142393","post","type-post","status-publish","format-standard","has-post-thumbnail","hentry","category-floristik-dekoration","tag-anlasskerzen","tag-b2b-sortiment","tag-dekorationsbedarf","tag-dekorationstrends","tag-fachhandel-oesterreich","tag-filialsortiment","tag-floristikbedarf","tag-gbc-oesterreich","tag-geschaeftsausstattung-floristik","tag-grosshandel","tag-gruene-branche","tag-katalogdownload","tag-kerzenkatalog-2026","tag-kerzensortiment-2026","tag-loginbereich","tag-raumgestaltung-mit-kerzen","tag-saisondekoration","tag-stumpenkerzen","tag-tafelkerzen","tag-teelichter","tag-trendkerzen-2026"],"acf":[],"_links":{"self":[{"href":"https:\/\/gbc.at\/web\/wp-json\/wp\/v2\/posts\/142393","targetHints":{"allow":["GET"]}}],"collection":[{"href":"https:\/\/gbc.at\/web\/wp-json\/wp\/v2\/posts"}],"about":[{"href":"https:\/\/gbc.at\/web\/wp-json\/wp\/v2\/types\/post"}],"author":[{"embeddable":true,"href":"https:\/\/gbc.at\/web\/wp-json\/wp\/v2\/users\/142"}],"replies":[{"embeddable":true,"href":"https:\/\/gbc.at\/web\/wp-json\/wp\/v2\/comments?post=142393"}],"version-history":[{"count":3,"href":"https:\/\/gbc.at\/web\/wp-json\/wp\/v2\/posts\/142393\/revisions"}],"predecessor-version":[{"id":142416,"href":"https:\/\/gbc.at\/web\/wp-json\/wp\/v2\/posts\/142393\/revisions\/142416"}],"wp:featuredmedia":[{"embeddable":true,"href":"https:\/\/gbc.at\/web\/wp-json\/wp\/v2\/media\/142417"}],"wp:attachment":[{"href":"https:\/\/gbc.at\/web\/wp-json\/wp\/v2\/media?parent=142393"}],"wp:term":[{"taxonomy":"category","embeddable":true,"href":"https:\/\/gbc.at\/web\/wp-json\/wp\/v2\/categories?post=142393"},{"taxonomy":"post_tag","embeddable":true,"href":"https:\/\/gbc.at\/web\/wp-json\/wp\/v2\/tags?post=142393"}],"curies":[{"name":"wp","href":"https:\/\/api.w.org\/{rel}","templated":true}]}}